{"id":27450,"date":"2021-05-30T16:55:23","date_gmt":"2021-05-30T13:55:23","guid":{"rendered":"http:\/\/adanacityofgastronomy.com\/adana-gastronomi-kenti-olma-yolunda\/"},"modified":"2021-06-10T00:04:43","modified_gmt":"2021-06-09T21:04:43","slug":"adana-is-going-to-be-gastronomy-city","status":"publish","type":"post","link":"https:\/\/adanacityofgastronomy.com\/en\/adana-is-going-to-be-gastronomy-city\/","title":{"rendered":"Adana is going to be Gastronomy City."},"content":{"rendered":"\t\t<div data-elementor-type=\"wp-post\" data-elementor-id=\"27450\" class=\"elementor elementor-27450 elementor-26637\" data-elementor-post-type=\"post\">\n\t\t\t\t\t\t<section data-particle_enable=\"false\" data-particle-mobile-disabled=\"false\" class=\"elementor-section elementor-top-section elementor-element elementor-element-25ec7ff7 elementor-section-boxed elementor-section-height-default elementor-section-height-default\" data-id=\"25ec7ff7\" data-element_type=\"section\">\n\t\t\t\t\t\t<div class=\"elementor-container elementor-column-gap-default\">\n\t\t\t\t\t<div class=\"elementor-column elementor-col-50 elementor-top-column elementor-element elementor-element-6d545189\" data-id=\"6d545189\" data-element_type=\"column\">\n\t\t\t<div class=\"elementor-widget-wrap elementor-element-populated\">\n\t\t\t\t\t\t<div class=\"elementor-element elementor-element-a91aa42 elementor-widget elementor-widget-image\" data-id=\"a91aa42\" data-element_type=\"widget\" data-widget_type=\"image.default\">\n\t\t\t\t<div class=\"elementor-widget-container\">\n\t\t\t\t\t\t\t\t\t\t\t\t\t\t\t<img fetchpriority=\"high\" decoding=\"async\" width=\"470\" height=\"420\" src=\"https:\/\/adanacityofgastronomy.com\/wp-content\/uploads\/2021\/05\/haber_gastronomi_kenti.jpg\" class=\"attachment-full size-full wp-image-27451\" alt=\"\" srcset=\"https:\/\/adanacityofgastronomy.com\/wp-content\/uploads\/2021\/05\/haber_gastronomi_kenti.jpg 470w, https:\/\/adanacityofgastronomy.com\/wp-content\/uploads\/2021\/05\/haber_gastronomi_kenti-300x268.jpg 300w\" sizes=\"(max-width: 470px) 100vw, 470px\" \/>\t\t\t\t\t\t\t\t\t\t\t\t\t\t\t<\/div>\n\t\t\t\t<\/div>\n\t\t\t\t\t<\/div>\n\t\t<\/div>\n\t\t\t\t<div class=\"elementor-column elementor-col-50 elementor-top-column elementor-element elementor-element-460513b\" data-id=\"460513b\" data-element_type=\"column\">\n\t\t\t<div class=\"elementor-widget-wrap elementor-element-populated\">\n\t\t\t\t\t\t<div class=\"elementor-element elementor-element-49d8695 elementor-widget elementor-widget-heading\" data-id=\"49d8695\" data-element_type=\"widget\" data-widget_type=\"heading.default\">\n\t\t\t\t<div class=\"elementor-widget-container\">\n\t\t\t\t\t<h3 class=\"elementor-heading-title elementor-size-default\">Adana is going to be Gastronomy City.<\/h3>\t\t\t\t<\/div>\n\t\t\t\t<\/div>\n\t\t\t\t<div class=\"elementor-element elementor-element-d9aa701 elementor-widget elementor-widget-text-editor\" data-id=\"d9aa701\" data-element_type=\"widget\" data-widget_type=\"text-editor.default\">\n\t\t\t\t<div class=\"elementor-widget-container\">\n\t\t\t\t\t\t\t\t\t<div class=\"col-lg-7\">\n<div class=\"about-heading\">\n<div class=\"section-heading\">\n<p class=\"section__desc\">Adana\u2019n\u0131n gastronomik de\u011ferinin UNESCO taraf\u0131ndan \u201cgastronomi kenti\u201d olarak tescillenmesine y\u00f6nelik destek mektubu Adana Valisi Mahmut Demirta\u015f taraf\u0131ndan imzaland\u0131.<\/p>\n<p class=\"section__desc\">Adana B\u00fcy\u00fck\u015fehir Belediye Ba\u015fkan\u0131 Zeydan Karalar, UNESCO&#8217;ya \u201cgastronomi kenti\u201d ba\u015fvurusunun B\u00fcy\u00fck\u015fehir Ba\u015fkanl\u0131\u011f\u0131nca yap\u0131labildi\u011fini ifade ederek s\u00fcrece dair Vali Demirta\u015f\u2019a bilgi verdi ve desteklerinden dolay\u0131 te\u015fekk\u00fcr etti.<\/p>\n<\/div>\n<\/div>\n<\/div>\t\t\t\t\t\t\t\t<\/div>\n\t\t\t\t<\/div>\n\t\t\t\t\t<\/div>\n\t\t<\/div>\n\t\t\t\t\t<\/div>\n\t\t<\/section>\n\t\t\t\t<section data-particle_enable=\"false\" data-particle-mobile-disabled=\"false\" class=\"elementor-section elementor-top-section elementor-element elementor-element-3e745a8 elementor-section-boxed elementor-section-height-default elementor-section-height-default\" data-id=\"3e745a8\" data-element_type=\"section\">\n\t\t\t\t\t\t<div class=\"elementor-container elementor-column-gap-default\">\n\t\t\t\t\t<div class=\"elementor-column elementor-col-100 elementor-top-column elementor-element elementor-element-0de0b53\" data-id=\"0de0b53\" data-element_type=\"column\">\n\t\t\t<div class=\"elementor-widget-wrap elementor-element-populated\">\n\t\t\t\t\t\t<div class=\"elementor-element elementor-element-ba62d26 elementor-widget elementor-widget-text-editor\" data-id=\"ba62d26\" data-element_type=\"widget\" data-widget_type=\"text-editor.default\">\n\t\t\t\t<div class=\"elementor-widget-container\">\n\t\t\t\t\t\t\t\t\t<div class=\"col-lg-7\">\n<div class=\"about-heading\">\n<div class=\"section-heading\">\n<p class=\"section__desc\">Adana B\u00fcy\u00fck\u015fehir Belediyesi taraf\u0131ndan yap\u0131lacak ba\u015fvuruya y\u00f6nelik destek mektubunu imzalayan Vali Demirta\u015f; at\u0131lan imzan\u0131n \u00f6nemli bir ad\u0131m oldu\u011funu ifade etti.<\/p>\n<\/div>\n<\/div>\n<\/div>\n<div class=\"col-lg-12\">\n<div class=\"about-heading\">\n<div class=\"section-heading\">\n<p class=\"section__desc\">Adana\u2019n\u0131n tarihi ve k\u00fclt\u00fcrel derinli\u011fi, Anadolu, Ortado\u011fu ve Do\u011fu Akdeniz aras\u0131ndaki k\u00f6pr\u00fc konumu, do\u011fal g\u00fczellikleri, misafirperver insanlar\u0131, geli\u015fmi\u015f ula\u015f\u0131m ve konaklama imkanlar\u0131yla \u00f6nemli bir turizm potansiyeline sahip oldu\u011funu belirten Vali Demirta\u015f; gastronomi turizminin g\u00fcn\u00fcm\u00fczde turizmin y\u00fckselen e\u011filimleri aras\u0131nda yer ald\u0131\u011f\u0131n\u0131 dile getirdi.<\/p>\n<p class=\"section__desc\">Malzeme \u00e7e\u015fitlili\u011fi, kalitesi ve zenginli\u011fi ile T\u00fcrk mutfa\u011f\u0131n\u0131n \u00f6nemli merkezlerinden biri olan Adana\u2019n\u0131n yerel ve geleneksel mutfa\u011f\u0131na ait de\u011ferlerinin korunup gelece\u011fe ta\u015f\u0131nmas\u0131 ve bu de\u011ferlerin tescillenmesi i\u00e7in yap\u0131lacak her t\u00fcrl\u00fc \u00e7al\u0131\u015fmaya desteklerinin tam oldu\u011funu vurgulayan Vali Demirta\u015f, \u201cAdana\u2019n\u0131n en yerel ve en geleneksel mutfak k\u00fclt\u00fcr\u00fcn\u00fc, \u00fclkemize ve d\u00fcnyaya tan\u0131tma yolunda bir ad\u0131m olarak nitelendirdi\u011fimiz UNESCO gastronomi kenti talebimizin ilimize \u015fimdiden hay\u0131rl\u0131 olmas\u0131n\u0131 temenni ediyorum\u201d dedi.<\/p>\n<\/div>\n<\/div>\n<\/div>\t\t\t\t\t\t\t\t<\/div>\n\t\t\t\t<\/div>\n\t\t\t\t\t<\/div>\n\t\t<\/div>\n\t\t\t\t\t<\/div>\n\t\t<\/section>\n\t\t\t\t<\/div>\n\t\t","protected":false},"excerpt":{"rendered":"<p>The letter of support for the registration of Adana&#8217;s gastronomic value as a &#8220;city of gastronomy&#8221; by UNESCO was signed by Adana Governor Mahmut Demirtas.<\/p>\n","protected":false},"author":1,"featured_media":27451,"comment_status":"closed","ping_status":"closed","sticky":false,"template":"","format":"standard","meta":{"site-sidebar-layout":"default","site-content-layout":"default","ast-site-content-layout":"","site-content-style":"default","site-sidebar-style":"default","ast-global-header-display":"","ast-banner-title-visibility":"","ast-main-header-display":"","ast-hfb-above-header-display":"","ast-hfb-below-header-display":"","ast-hfb-mobile-header-display":"","site-post-title":"disabled","ast-breadcrumbs-content":"","ast-featured-img":"disabled","footer-sml-layout":"","theme-transparent-header-meta":"default","adv-header-id-meta":"","stick-header-meta":"","header-above-stick-meta":"","header-main-stick-meta":"","header-below-stick-meta":"","astra-migrate-meta-layouts":"default","ast-page-background-enabled":"default","ast-page-background-meta":{"desktop":{"background-color":"var(--ast-global-color-4)","background-image":"","background-repeat":"repeat","background-position":"center center","background-size":"auto","background-attachment":"scroll","background-type":"","background-media":"","overlay-type":"","overlay-color":"","overlay-gradient":""},"tablet":{"background-color":"","background-image":"","background-repeat":"repeat","background-position":"center center","background-size":"auto","background-attachment":"scroll","background-type":"","background-media":"","overlay-type":"","overlay-color":"","overlay-gradient":""},"mobile":{"background-color":"","background-image":"","background-repeat":"repeat","background-position":"center center","background-size":"auto","background-attachment":"scroll","background-type":"","background-media":"","overlay-type":"","overlay-color":"","overlay-gradient":""}},"ast-content-background-meta":{"desktop":{"background-color":"var(--ast-global-color-5)","background-image":"","background-repeat":"repeat","background-position":"center center","background-size":"auto","background-attachment":"scroll","background-type":"","background-media":"","overlay-type":"","overlay-color":"","overlay-gradient":""},"tablet":{"background-color":"var(--ast-global-color-5)","background-image":"","background-repeat":"repeat","background-position":"center center","background-size":"auto","background-attachment":"scroll","background-type":"","background-media":"","overlay-type":"","overlay-color":"","overlay-gradient":""},"mobile":{"background-color":"var(--ast-global-color-5)","background-image":"","background-repeat":"repeat","background-position":"center center","background-size":"auto","background-attachment":"scroll","background-type":"","background-media":"","overlay-type":"","overlay-color":"","overlay-gradient":""}},"footnotes":""},"categories":[55],"tags":[],"class_list":["post-27450","post","type-post","status-publish","format-standard","has-post-thumbnail","hentry","category-haberler-en"],"_links":{"self":[{"href":"https:\/\/adanacityofgastronomy.com\/en\/wp-json\/wp\/v2\/posts\/27450","targetHints":{"allow":["GET"]}}],"collection":[{"href":"https:\/\/adanacityofgastronomy.com\/en\/wp-json\/wp\/v2\/posts"}],"about":[{"href":"https:\/\/adanacityofgastronomy.com\/en\/wp-json\/wp\/v2\/types\/post"}],"author":[{"embeddable":true,"href":"https:\/\/adanacityofgastronomy.com\/en\/wp-json\/wp\/v2\/users\/1"}],"replies":[{"embeddable":true,"href":"https:\/\/adanacityofgastronomy.com\/en\/wp-json\/wp\/v2\/comments?post=27450"}],"version-history":[{"count":2,"href":"https:\/\/adanacityofgastronomy.com\/en\/wp-json\/wp\/v2\/posts\/27450\/revisions"}],"predecessor-version":[{"id":27454,"href":"https:\/\/adanacityofgastronomy.com\/en\/wp-json\/wp\/v2\/posts\/27450\/revisions\/27454"}],"wp:featuredmedia":[{"embeddable":true,"href":"https:\/\/adanacityofgastronomy.com\/en\/wp-json\/wp\/v2\/media\/27451"}],"wp:attachment":[{"href":"https:\/\/adanacityofgastronomy.com\/en\/wp-json\/wp\/v2\/media?parent=27450"}],"wp:term":[{"taxonomy":"category","embeddable":true,"href":"https:\/\/adanacityofgastronomy.com\/en\/wp-json\/wp\/v2\/categories?post=27450"},{"taxonomy":"post_tag","embeddable":true,"href":"https:\/\/adanacityofgastronomy.com\/en\/wp-json\/wp\/v2\/tags?post=27450"}],"curies":[{"name":"wp","href":"https:\/\/api.w.org\/{rel}","templated":true}]}}