{"id":27484,"date":"2021-04-21T11:04:44","date_gmt":"2021-04-21T08:04:44","guid":{"rendered":"http:\/\/adanacityofgastronomy.com\/adana-unesco-gastronomi-sehri-oluyor\/"},"modified":"2021-06-10T00:09:19","modified_gmt":"2021-06-09T21:09:19","slug":"adana-is-becoming-a-unesco-gastronomy-city","status":"publish","type":"post","link":"https:\/\/adanacityofgastronomy.com\/en\/adana-is-becoming-a-unesco-gastronomy-city\/","title":{"rendered":"Adana is becoming a UNESCO Gastronomy City!"},"content":{"rendered":"\t\t<div data-elementor-type=\"wp-post\" data-elementor-id=\"27484\" class=\"elementor elementor-27484 elementor-24595\" data-elementor-post-type=\"post\">\n\t\t\t\t\t\t<section data-particle_enable=\"false\" data-particle-mobile-disabled=\"false\" class=\"elementor-section elementor-top-section elementor-element elementor-element-25ec7ff7 elementor-section-boxed elementor-section-height-default elementor-section-height-default\" data-id=\"25ec7ff7\" data-element_type=\"section\">\n\t\t\t\t\t\t<div class=\"elementor-container elementor-column-gap-default\">\n\t\t\t\t\t<div class=\"elementor-column elementor-col-50 elementor-top-column elementor-element elementor-element-6d545189\" data-id=\"6d545189\" data-element_type=\"column\">\n\t\t\t<div class=\"elementor-widget-wrap elementor-element-populated\">\n\t\t\t\t\t\t<div class=\"elementor-element elementor-element-a91aa42 elementor-widget elementor-widget-image\" data-id=\"a91aa42\" data-element_type=\"widget\" data-widget_type=\"image.default\">\n\t\t\t\t<div class=\"elementor-widget-container\">\n\t\t\t\t\t\t\t\t\t\t\t\t\t\t\t<img fetchpriority=\"high\" decoding=\"async\" width=\"470\" height=\"290\" src=\"https:\/\/adanacityofgastronomy.com\/wp-content\/uploads\/2021\/04\/haber_UNESCO_gastronomi.png\" class=\"attachment-full size-full wp-image-27485\" alt=\"\" srcset=\"https:\/\/adanacityofgastronomy.com\/wp-content\/uploads\/2021\/04\/haber_UNESCO_gastronomi.png 470w, https:\/\/adanacityofgastronomy.com\/wp-content\/uploads\/2021\/04\/haber_UNESCO_gastronomi-300x185.png 300w\" sizes=\"(max-width: 470px) 100vw, 470px\" \/>\t\t\t\t\t\t\t\t\t\t\t\t\t\t\t<\/div>\n\t\t\t\t<\/div>\n\t\t\t\t\t<\/div>\n\t\t<\/div>\n\t\t\t\t<div class=\"elementor-column elementor-col-50 elementor-top-column elementor-element elementor-element-460513b\" data-id=\"460513b\" data-element_type=\"column\">\n\t\t\t<div class=\"elementor-widget-wrap elementor-element-populated\">\n\t\t\t\t\t\t<div class=\"elementor-element elementor-element-49d8695 elementor-widget elementor-widget-heading\" data-id=\"49d8695\" data-element_type=\"widget\" data-widget_type=\"heading.default\">\n\t\t\t\t<div class=\"elementor-widget-container\">\n\t\t\t\t\t<h3 class=\"elementor-heading-title elementor-size-default\">Adana is becoming a UNESCO Gastronomy City!<\/h3>\t\t\t\t<\/div>\n\t\t\t\t<\/div>\n\t\t\t\t<div class=\"elementor-element elementor-element-d9aa701 elementor-widget elementor-widget-text-editor\" data-id=\"d9aa701\" data-element_type=\"widget\" data-widget_type=\"text-editor.default\">\n\t\t\t\t<div class=\"elementor-widget-container\">\n\t\t\t\t\t\t\t\t\t\n<p>Adana, d\u00fcnya genelinde 26, T\u00fcrkiye\u2019den de 2 kentin kabul edildi\u011fi UNESCO gastronomi listesine girmek i\u00e7in 30 Haziran 2019\u2019da ba\u015fvuru ger\u00e7ekle\u015ftirecek.<\/p>\n\n<p>2019 y\u0131l\u0131 UNESCO Gastronomi \u015eehri ba\u015fvurular\u0131 i\u00e7in Adana B\u00fcy\u00fck\u015fehir Belediyesi D\u0131\u015f \u0130li\u015fkiler \u015eube M\u00fcd\u00fcrl\u00fc\u011f\u00fc\u2019nce yap\u0131lacak giri\u015fimin adayl\u0131k bilgilendirme toplant\u0131s\u0131 ger\u00e7ekle\u015ftirildi.<\/p>\n\n<p>\u00a0<\/p>\n\t\t\t\t\t\t\t\t<\/div>\n\t\t\t\t<\/div>\n\t\t\t\t\t<\/div>\n\t\t<\/div>\n\t\t\t\t\t<\/div>\n\t\t<\/section>\n\t\t\t\t<section data-particle_enable=\"false\" data-particle-mobile-disabled=\"false\" class=\"elementor-section elementor-top-section elementor-element elementor-element-3e745a8 elementor-section-boxed elementor-section-height-default elementor-section-height-default\" data-id=\"3e745a8\" data-element_type=\"section\">\n\t\t\t\t\t\t<div class=\"elementor-container elementor-column-gap-default\">\n\t\t\t\t\t<div class=\"elementor-column elementor-col-100 elementor-top-column elementor-element elementor-element-0de0b53\" data-id=\"0de0b53\" data-element_type=\"column\">\n\t\t\t<div class=\"elementor-widget-wrap elementor-element-populated\">\n\t\t\t\t\t\t<div class=\"elementor-element elementor-element-ba62d26 elementor-widget elementor-widget-text-editor\" data-id=\"ba62d26\" data-element_type=\"widget\" data-widget_type=\"text-editor.default\">\n\t\t\t\t<div class=\"elementor-widget-container\">\n\t\t\t\t\t\t\t\t\t<p>2004 y\u0131l\u0131nda UNESCO Y\u00fcr\u00fctme Kurulunun 170. toplant\u0131s\u0131nda al\u0131nan karar do\u011frultusunda d\u00fcnyan\u0131n farkl\u0131 \u00fclkelerinden 116 \u015fehrin kat\u0131l\u0131m\u0131yla kurulan Yarat\u0131c\u0131 \u015eehirler A\u011f\u0131 (Creative Cities Network), geli\u015fmi\u015f ve geli\u015fmekte olan \u00fclkelerin \u015fehirlerinin sosyal, ekonomik ve k\u00fclt\u00fcrel kalk\u0131nmalar\u0131na katk\u0131 sa\u011flamay\u0131 hedefleyen s\u00f6z konusu a\u011fa \u00fcye olan \u015fehirler, tan\u0131t\u0131m ve g\u00f6r\u00fcn\u00fcrl\u00fcklerini art\u0131rmay\u0131 hedefliyor.<\/p>\n<!-- \/wp:paragraph --><!-- wp:paragraph -->\n<p>UNESCO\u2019nun k\u00fclt\u00fcrel \u00e7e\u015fitlili\u011fin desteklenmesi do\u011frultusundaki g\u00f6r\u00fc\u015flerini payla\u015ft\u0131\u011f\u0131 programa kat\u0131l\u0131m, zanaat ve halk sanatlar\u0131, tasar\u0131m, sinema, gastronomi, edebiyat, m\u00fczik ve g\u00f6rsel sanatlar alan\u0131nda ger\u00e7ekle\u015ftiriliyor.<\/p>\n<!-- \/wp:paragraph --><!-- wp:paragraph -->\n<p>\u015eu ana kadar d\u00fcnyan\u0131n d\u00f6rt bir yan\u0131ndan sadece 26 kentin kabul edildi\u011fi UNESCO gastronomi listesine, T\u00fcrkiye\u2019den de Gaziantep ve Hatay bu listeye dahil edildi.<\/p>\n<!-- \/wp:paragraph --><!-- wp:paragraph -->\n<p><strong>\u201cGastronomide d\u00fcnya \u00e7ap\u0131nday\u0131z\u201d<\/strong><\/p>\n<!-- \/wp:paragraph --><!-- wp:paragraph -->\n<p>Adana B\u00fcy\u00fck\u015fehir Belediye Ba\u015fkan\u0131 Zeydan Karalar, Adana\u2019n\u0131n gastronomi alan\u0131nda d\u00fcnya \u00e7ap\u0131nda bir kent oldu\u011funu ve bu konudaki zenginli\u011fini \u00e7ok iyi bilinen bir \u015fehrin, UNESCO taraf\u0131ndan tescillenmesi i\u00e7in \u00e7al\u0131\u015fmalara ba\u015fland\u0131\u011f\u0131n\u0131 s\u00f6yledi. 30 Haziran 2019\u2019a kadar dosyan\u0131n haz\u0131rlanarak UNESCO\u2019ya sunulaca\u011f\u0131n\u0131 dile getiren Ba\u015fkan Karalar, \u201cBu konu Adana\u2019n\u0131n tamam\u0131n\u0131 ilgilendirdi\u011fi i\u00e7in kurumlar aras\u0131 i\u015fbirli\u011fine \u00e7ok \u00f6nem veriyoruz. O a\u00e7\u0131dan Adana\u2019da gastronomi alan\u0131nda \u00e7al\u0131\u015fan t\u00fcm kurumlar\u0131n projemize destek vermesini arzu ediyoruz. Zaten bu toplant\u0131da, s\u00f6z konusu i\u015f birli\u011finin ve birlikteli\u011fin ilk ad\u0131m\u0131n\u0131 g\u00f6rmekten b\u00fcy\u00fck memnuniyet duyduk\u201d dedi.<\/p>\n<!-- \/wp:paragraph --><!-- wp:paragraph -->\n<p>Karalar ba\u015fkanl\u0131\u011f\u0131nda yap\u0131lan toplant\u0131ya Uluslararas\u0131 Strateji ve Gastronomi Uzman\u0131 \u00d6mer Faruk \u00c7elebi, Gastronomi Ara\u015ft\u0131rmac\u0131s\u0131 Veyis Durdu, \u00c7ukurova Kalk\u0131nma Ajans\u0131 Genel Sekreteri L\u00fctfi Alt\u0131nsu, Adana Ticaret Odas\u0131 Genel Sekreter Yard\u0131mc\u0131s\u0131 Bar\u0131\u015f Topal ile Adana B\u00fcy\u00fck\u015fehir Belediyesi ve Seyhan Belediyesi\u2019nden ilgili b\u00fcrokratlar kat\u0131ld\u0131.<\/p>\t\t\t\t\t\t\t\t<\/div>\n\t\t\t\t<\/div>\n\t\t\t\t\t<\/div>\n\t\t<\/div>\n\t\t\t\t\t<\/div>\n\t\t<\/section>\n\t\t\t\t<\/div>\n\t\t","protected":false},"excerpt":{"rendered":"<p>Adana will apply on 30 June 2019 to be included in the UNESCO gastronomy list, where 26 cities around the world and 2 cities from Turkey are accepted.<\/p>\n","protected":false},"author":1,"featured_media":27485,"comment_status":"closed","ping_status":"closed","sticky":false,"template":"","format":"standard","meta":{"site-sidebar-layout":"default","site-content-layout":"default","ast-site-content-layout":"","site-content-style":"default","site-sidebar-style":"default","ast-global-header-display":"","ast-banner-title-visibility":"","ast-main-header-display":"","ast-hfb-above-header-display":"","ast-hfb-below-header-display":"","ast-hfb-mobile-header-display":"","site-post-title":"disabled","ast-breadcrumbs-content":"","ast-featured-img":"disabled","footer-sml-layout":"","theme-transparent-header-meta":"default","adv-header-id-meta":"","stick-header-meta":"","header-above-stick-meta":"","header-main-stick-meta":"","header-below-stick-meta":"","astra-migrate-meta-layouts":"default","ast-page-background-enabled":"default","ast-page-background-meta":{"desktop":{"background-color":"var(--ast-global-color-4)","background-image":"","background-repeat":"repeat","background-position":"center center","background-size":"auto","background-attachment":"scroll","background-type":"","background-media":"","overlay-type":"","overlay-color":"","overlay-gradient":""},"tablet":{"background-color":"","background-image":"","background-repeat":"repeat","background-position":"center center","background-size":"auto","background-attachment":"scroll","background-type":"","background-media":"","overlay-type":"","overlay-color":"","overlay-gradient":""},"mobile":{"background-color":"","background-image":"","background-repeat":"repeat","background-position":"center center","background-size":"auto","background-attachment":"scroll","background-type":"","background-media":"","overlay-type":"","overlay-color":"","overlay-gradient":""}},"ast-content-background-meta":{"desktop":{"background-color":"var(--ast-global-color-5)","background-image":"","background-repeat":"repeat","background-position":"center center","background-size":"auto","background-attachment":"scroll","background-type":"","background-media":"","overlay-type":"","overlay-color":"","overlay-gradient":""},"tablet":{"background-color":"var(--ast-global-color-5)","background-image":"","background-repeat":"repeat","background-position":"center center","background-size":"auto","background-attachment":"scroll","background-type":"","background-media":"","overlay-type":"","overlay-color":"","overlay-gradient":""},"mobile":{"background-color":"var(--ast-global-color-5)","background-image":"","background-repeat":"repeat","background-position":"center center","background-size":"auto","background-attachment":"scroll","background-type":"","background-media":"","overlay-type":"","overlay-color":"","overlay-gradient":""}},"footnotes":""},"categories":[55],"tags":[],"class_list":["post-27484","post","type-post","status-publish","format-standard","has-post-thumbnail","hentry","category-haberler-en"],"_links":{"self":[{"href":"https:\/\/adanacityofgastronomy.com\/en\/wp-json\/wp\/v2\/posts\/27484","targetHints":{"allow":["GET"]}}],"collection":[{"href":"https:\/\/adanacityofgastronomy.com\/en\/wp-json\/wp\/v2\/posts"}],"about":[{"href":"https:\/\/adanacityofgastronomy.com\/en\/wp-json\/wp\/v2\/types\/post"}],"author":[{"embeddable":true,"href":"https:\/\/adanacityofgastronomy.com\/en\/wp-json\/wp\/v2\/users\/1"}],"replies":[{"embeddable":true,"href":"https:\/\/adanacityofgastronomy.com\/en\/wp-json\/wp\/v2\/comments?post=27484"}],"version-history":[{"count":1,"href":"https:\/\/adanacityofgastronomy.com\/en\/wp-json\/wp\/v2\/posts\/27484\/revisions"}],"predecessor-version":[{"id":27486,"href":"https:\/\/adanacityofgastronomy.com\/en\/wp-json\/wp\/v2\/posts\/27484\/revisions\/27486"}],"wp:featuredmedia":[{"embeddable":true,"href":"https:\/\/adanacityofgastronomy.com\/en\/wp-json\/wp\/v2\/media\/27485"}],"wp:attachment":[{"href":"https:\/\/adanacityofgastronomy.com\/en\/wp-json\/wp\/v2\/media?parent=27484"}],"wp:term":[{"taxonomy":"category","embeddable":true,"href":"https:\/\/adanacityofgastronomy.com\/en\/wp-json\/wp\/v2\/categories?post=27484"},{"taxonomy":"post_tag","embeddable":true,"href":"https:\/\/adanacityofgastronomy.com\/en\/wp-json\/wp\/v2\/tags?post=27484"}],"curies":[{"name":"wp","href":"https:\/\/api.w.org\/{rel}","templated":true}]}}